{"id":5074,"date":"2024-03-23T11:20:00","date_gmt":"2024-03-23T10:20:00","guid":{"rendered":"https:\/\/buergerwind-heckengaeu.de\/wp\/?p=5074"},"modified":"2024-03-23T11:22:20","modified_gmt":"2024-03-23T10:22:20","slug":"renningen-hat-sich-entschieden-informationsveranstaltung-in-weil-der-stadt","status":"publish","type":"post","link":"https:\/\/buergerwind-heckengaeu.de\/wp\/renningen-hat-sich-entschieden-informationsveranstaltung-in-weil-der-stadt\/","title":{"rendered":"Renningen hat sich entschieden &#038; Informationsveranstaltung in Weil der Stadt"},"content":{"rendered":"\n<p>Wie wir bereits in unserem Newsletter mitgeteilt haben, hat sich die Stadt Renningen leider gegen unsere B\u00fcrgerinitiative als Projekttr\u00e4ger entschieden.<\/p>\n\n\n\n<p>Den Zuschlag haben nun die Stadtwerke T\u00fcbingen erhalten, wie die Stadt auch auf Ihrem <a href=\"https:\/\/www.facebook.com\/StadtRenningen\">Facebook-Profil<\/a> \u00f6ffentlich bekannt gegeben hat.<\/p>\n\n\n\n<p>Wir hoffen, dass es dennoch eine entsprechende B\u00fcrgerbeteiligung mit dem gew\u00e4hlten Projekttr\u00e4ger geben wird &#8211; und dass die f\u00fcr uns im Fokus stehende Umwelt- und Naturvertr\u00e4glichkeit ebenso stark im Fokus bleibt.<br>Ebenso hoffen wir, dass nun z\u00fcgig mit der Planung und Umsetzung begonnen wird &#8211; und die Fl\u00e4chenzusage nicht in den Schubladen verschwinden um auf steigende Strompreise zu spekulieren.<\/p>\n\n\n\n<p>Nach der Absage an uns als Projekttr\u00e4ger, stellen wir unsere Aktivit\u00e4ten in Renningen ein.<br>Das bereits zugesagte Risikokapital aller Interessierten B\u00fcrger wird somit NICHT abgerufen und in Anspruch genommen.<\/p>\n\n\n\n<p>Wir konzentrieren unsere Arbeit nun auf Weil der Stadt, wo wir f\u00fcr den 09. April ebenfalls eine Informationsveranstaltung wie in Renningen geplant haben.<\/p>\n\n\n\n<figure class=\"wp-block-image size-full\"><img loading=\"lazy\" decoding=\"async\" width=\"605\" height=\"858\" src=\"https:\/\/buergerwind-heckengaeu.de\/wp\/wp-content\/uploads\/2024\/03\/wds_buergerwind.png\" alt=\"\" class=\"wp-image-5075\" srcset=\"https:\/\/buergerwind-heckengaeu.de\/wp\/wp-content\/uploads\/2024\/03\/wds_buergerwind.png 605w, https:\/\/buergerwind-heckengaeu.de\/wp\/wp-content\/uploads\/2024\/03\/wds_buergerwind-212x300.png 212w\" sizes=\"auto, (max-width: 605px) 100vw, 605px\" \/><\/figure>\n","protected":false},"excerpt":{"rendered":"<p>Wie wir bereits in unserem Newsletter mitgeteilt haben, hat sich die Stadt Renningen leider gegen unsere B\u00fcrgerinitiative als Projekttr\u00e4ger entschieden. Den Zuschlag haben nun die Stadtwerke T\u00fcbingen erhalten, wie die Stadt auch auf Ihrem Facebook-Profil \u00f6ffentlich bekannt gegeben hat. Wir hoffen, dass es dennoch eine entsprechende B\u00fcrgerbeteiligung mit dem gew\u00e4hlten Projekttr\u00e4ger geben wird &#8211; und [&hellip;]<\/p>\n","protected":false},"author":2,"featured_media":2021,"comment_status":"closed","ping_status":"closed","sticky":false,"template":"","format":"standard","meta":{"footnotes":""},"categories":[1],"tags":[],"class_list":["post-5074","post","type-post","status-publish","format-standard","has-post-thumbnail","hentry","category-uncategorized"],"_links":{"self":[{"href":"https:\/\/buergerwind-heckengaeu.de\/wp\/wp-json\/wp\/v2\/posts\/5074","targetHints":{"allow":["GET"]}}],"collection":[{"href":"https:\/\/buergerwind-heckengaeu.de\/wp\/wp-json\/wp\/v2\/posts"}],"about":[{"href":"https:\/\/buergerwind-heckengaeu.de\/wp\/wp-json\/wp\/v2\/types\/post"}],"author":[{"embeddable":true,"href":"https:\/\/buergerwind-heckengaeu.de\/wp\/wp-json\/wp\/v2\/users\/2"}],"replies":[{"embeddable":true,"href":"https:\/\/buergerwind-heckengaeu.de\/wp\/wp-json\/wp\/v2\/comments?post=5074"}],"version-history":[{"count":1,"href":"https:\/\/buergerwind-heckengaeu.de\/wp\/wp-json\/wp\/v2\/posts\/5074\/revisions"}],"predecessor-version":[{"id":5076,"href":"https:\/\/buergerwind-heckengaeu.de\/wp\/wp-json\/wp\/v2\/posts\/5074\/revisions\/5076"}],"wp:featuredmedia":[{"embeddable":true,"href":"https:\/\/buergerwind-heckengaeu.de\/wp\/wp-json\/wp\/v2\/media\/2021"}],"wp:attachment":[{"href":"https:\/\/buergerwind-heckengaeu.de\/wp\/wp-json\/wp\/v2\/media?parent=5074"}],"wp:term":[{"taxonomy":"category","embeddable":true,"href":"https:\/\/buergerwind-heckengaeu.de\/wp\/wp-json\/wp\/v2\/categories?post=5074"},{"taxonomy":"post_tag","embeddable":true,"href":"https:\/\/buergerwind-heckengaeu.de\/wp\/wp-json\/wp\/v2\/tags?post=5074"}],"curies":[{"name":"wp","href":"https:\/\/api.w.org\/{rel}","templated":true}]}}